{"id":2370,"date":"2026-04-27T06:47:50","date_gmt":"2026-04-27T06:47:50","guid":{"rendered":"https:\/\/polaris.ro\/?p=2370"},"modified":"2026-04-27T06:47:52","modified_gmt":"2026-04-27T06:47:52","slug":"elimina-responsabil-deseurile-voluminoase-27-04-2026-2-05-2026-2","status":"publish","type":"post","link":"https:\/\/polaris.ro\/index.php\/2026\/04\/27\/elimina-responsabil-deseurile-voluminoase-27-04-2026-2-05-2026-2\/","title":{"rendered":"Elimin\u0103 responsabil de\u0219eurile voluminoase: 27.04.2026\u00a0\u2013\u00a02.05.2026"},"content":{"rendered":"\n<p><img decoding=\"async\" height=\"16\" width=\"16\" alt=\"\u267b\ufe0f\" src=\"https:\/\/static.xx.fbcdn.net\/images\/emoji.php\/v9\/tf8\/1\/16\/267b.png\"> Scap\u0103 responsabil de lucrurile vechi!<\/p>\n\n\n\n<p><img decoding=\"async\" height=\"16\" width=\"16\" alt=\"\ud83d\udcc5\" src=\"https:\/\/static.xx.fbcdn.net\/images\/emoji.php\/v9\/t7e\/1\/16\/1f4c5.png\"> \u00cen perioada 27 aprilie \u2013 2 mai, containerul verde pentru de\u0219euri voluminoase este amplasat \u00een:<\/p>\n\n\n\n<p><img decoding=\"async\" height=\"16\" width=\"16\" alt=\"\ud83d\udccd\" src=\"https:\/\/static.xx.fbcdn.net\/images\/emoji.php\/v9\/t2d\/1\/16\/1f4cd.png\">Plt. 48\/52 Str. Th Speran\u021bia bloc 40.<\/p>\n\n\n\n<p><img loading=\"lazy\" decoding=\"async\" height=\"16\" width=\"16\" alt=\"\ud83d\udecb\ufe0f\" src=\"https:\/\/static.xx.fbcdn.net\/images\/emoji.php\/v9\/tad\/1\/16\/1f6cb.png\"> Ce po\u021bi aduce?<\/p>\n\n\n\n<p><img loading=\"lazy\" decoding=\"async\" height=\"16\" width=\"16\" alt=\"\u2714\ufe0f\" src=\"https:\/\/static.xx.fbcdn.net\/images\/emoji.php\/v9\/t51\/1\/16\/2714.png\"> Mobilier vechi deteriorat (canapele, rafturi, dulapuri, saltele, u\u0219i)<\/p>\n\n\n\n<p><img loading=\"lazy\" decoding=\"async\" height=\"16\" width=\"16\" alt=\"\u2714\ufe0f\" src=\"https:\/\/static.xx.fbcdn.net\/images\/emoji.php\/v9\/t51\/1\/16\/2714.png\"> Calorifere, obiecte de uz sanitar<\/p>\n\n\n\n<p><img loading=\"lazy\" decoding=\"async\" height=\"16\" width=\"16\" alt=\"\u2714\ufe0f\" src=\"https:\/\/static.xx.fbcdn.net\/images\/emoji.php\/v9\/t51\/1\/16\/2714.png\"> Mochete.<\/p>\n\n\n\n<p><img loading=\"lazy\" decoding=\"async\" height=\"16\" width=\"16\" alt=\"\u274c\" src=\"https:\/\/static.xx.fbcdn.net\/images\/emoji.php\/v9\/tdd\/1\/16\/274c.png\"> Ce nu po\u021bi depozita \u00een aceste containere?<\/p>\n\n\n\n<p><img loading=\"lazy\" decoding=\"async\" height=\"16\" width=\"16\" alt=\"\u274c\" src=\"https:\/\/static.xx.fbcdn.net\/images\/emoji.php\/v9\/tdd\/1\/16\/274c.png\"> de\u0219euri menajere<\/p>\n\n\n\n<p><img loading=\"lazy\" decoding=\"async\" height=\"16\" width=\"16\" alt=\"\u274c\" src=\"https:\/\/static.xx.fbcdn.net\/images\/emoji.php\/v9\/tdd\/1\/16\/274c.png\"> de\u0219euri rezultate din construc\u021bii sau demol\u0103ri<\/p>\n\n\n\n<p><img loading=\"lazy\" decoding=\"async\" height=\"16\" width=\"16\" alt=\"\u274c\" src=\"https:\/\/static.xx.fbcdn.net\/images\/emoji.php\/v9\/tdd\/1\/16\/274c.png\"> de\u0219euri de echipamente electrice \u0219i electronice<\/p>\n\n\n\n<p><img loading=\"lazy\" decoding=\"async\" height=\"16\" width=\"16\" alt=\"\u274c\" src=\"https:\/\/static.xx.fbcdn.net\/images\/emoji.php\/v9\/tdd\/1\/16\/274c.png\"> de\u0219euri reciclabile ( h\u00e2rtie, carton, plastic, metal, sticl\u0103 )<\/p>\n\n\n\n<p><img decoding=\"async\" height=\"16\" width=\"16\" alt=\"\u267b\ufe0f\" src=\"https:\/\/static.xx.fbcdn.net\/images\/emoji.php\/v9\/tf8\/1\/16\/267b.png\"> Nu ajungi s\u0103pt\u0103m\u00e2na asta?<\/p>\n\n\n\n<p>Po\u021bi merge oric\u00e2nd la Centrul de Colectare de pe bd. Aurel Vlaicu 290A, deschis de luni p\u00e2n\u0103 s\u00e2mb\u0103t\u0103, \u00eentre orele 07:00 \u2013 19:00.<\/p>\n\n\n\n<p><img loading=\"lazy\" decoding=\"async\" height=\"16\" width=\"16\" alt=\"\ud83d\udcde\" src=\"https:\/\/static.xx.fbcdn.net\/images\/emoji.php\/v9\/t4d\/1\/16\/1f4de.png\"> Informa\u021bii: 0723 372 163<\/p>\n\n\n\n<p><img loading=\"lazy\" decoding=\"async\" height=\"16\" width=\"16\" alt=\"\ud83d\udd01\" src=\"https:\/\/static.xx.fbcdn.net\/images\/emoji.php\/v9\/te\/1\/16\/1f501.png\"> Distribuie aceast\u0103 postare! Poate ajuta pe cineva din comunitatea ta.<\/p>\n\n\n\n<p><a href=\"https:\/\/www.facebook.com\/hashtag\/constantacurata?__cft__[0]=AZbCIc4uTC2ZHSzeO_fGwEYJxmaar2pREpjYBB_ah2myhNWSf2GkhKKTsU3IY4ZX5OW5TKN32lqhOMkP4hR1foIhb8VrLn5JcHy5lgZAlbl0igpInvl3Kng9u-Wzbc9GIsLYFIR8bOfUMpZjv_smPP4l8Ub3RCd7kmt9HImkbB2xJZexOxwhJAYR9sdLOKkjNRs&amp;__tn__=*NK-R\">#constantacurata<\/a><a href=\"https:\/\/www.facebook.com\/hashtag\/deseurivoluminoase?__cft__[0]=AZbCIc4uTC2ZHSzeO_fGwEYJxmaar2pREpjYBB_ah2myhNWSf2GkhKKTsU3IY4ZX5OW5TKN32lqhOMkP4hR1foIhb8VrLn5JcHy5lgZAlbl0igpInvl3Kng9u-Wzbc9GIsLYFIR8bOfUMpZjv_smPP4l8Ub3RCd7kmt9HImkbB2xJZexOxwhJAYR9sdLOKkjNRs&amp;__tn__=*NK-R\">#deseurivoluminoase<\/a><a href=\"https:\/\/www.facebook.com\/hashtag\/recicleaza?__cft__[0]=AZbCIc4uTC2ZHSzeO_fGwEYJxmaar2pREpjYBB_ah2myhNWSf2GkhKKTsU3IY4ZX5OW5TKN32lqhOMkP4hR1foIhb8VrLn5JcHy5lgZAlbl0igpInvl3Kng9u-Wzbc9GIsLYFIR8bOfUMpZjv_smPP4l8Ub3RCd7kmt9HImkbB2xJZexOxwhJAYR9sdLOKkjNRs&amp;__tn__=*NK-R\">#recicleaza<\/a><a href=\"https:\/\/www.facebook.com\/hashtag\/polaris?__cft__[0]=AZbCIc4uTC2ZHSzeO_fGwEYJxmaar2pREpjYBB_ah2myhNWSf2GkhKKTsU3IY4ZX5OW5TKN32lqhOMkP4hR1foIhb8VrLn5JcHy5lgZAlbl0igpInvl3Kng9u-Wzbc9GIsLYFIR8bOfUMpZjv_smPP4l8Ub3RCd7kmt9HImkbB2xJZexOxwhJAYR9sdLOKkjNRs&amp;__tn__=*NK-R\">#polaris<\/a><a href=\"https:\/\/www.facebook.com\/hashtag\/colecteazaseparat?__cft__[0]=AZbCIc4uTC2ZHSzeO_fGwEYJxmaar2pREpjYBB_ah2myhNWSf2GkhKKTsU3IY4ZX5OW5TKN32lqhOMkP4hR1foIhb8VrLn5JcHy5lgZAlbl0igpInvl3Kng9u-Wzbc9GIsLYFIR8bOfUMpZjv_smPP4l8Ub3RCd7kmt9HImkbB2xJZexOxwhJAYR9sdLOKkjNRs&amp;__tn__=*NK-R\">#colecteazaseparat<\/a><\/p>\n","protected":false},"excerpt":{"rendered":"<p>Scap\u0103 responsabil de lucrurile vechi! \u00cen perioada 27 aprilie \u2013 2 mai, containerul verde pentru de\u0219euri voluminoase este amplasat \u00een: Plt. 48\/52 Str. Th Speran\u021bia bloc 40. Ce po\u021bi aduce? Mobilier vechi deteriorat (canapele, rafturi, dulapuri, saltele, u\u0219i) Calorifere, obiecte de uz sanitar Mochete. Ce nu po\u021bi depozita \u00een aceste containere? de\u0219euri menajere de\u0219euri rezultate [&hellip;]<\/p>\n","protected":false},"author":1,"featured_media":2371,"comment_status":"open","ping_status":"open","sticky":false,"template":"","format":"standard","meta":{"footnotes":""},"categories":[11],"tags":[],"class_list":["post-2370","post","type-post","status-publish","format-standard","has-post-thumbnail","hentry","category-instiintari-constanta"],"_links":{"self":[{"href":"https:\/\/polaris.ro\/index.php\/wp-json\/wp\/v2\/posts\/2370","targetHints":{"allow":["GET"]}}],"collection":[{"href":"https:\/\/polaris.ro\/index.php\/wp-json\/wp\/v2\/posts"}],"about":[{"href":"https:\/\/polaris.ro\/index.php\/wp-json\/wp\/v2\/types\/post"}],"author":[{"embeddable":true,"href":"https:\/\/polaris.ro\/index.php\/wp-json\/wp\/v2\/users\/1"}],"replies":[{"embeddable":true,"href":"https:\/\/polaris.ro\/index.php\/wp-json\/wp\/v2\/comments?post=2370"}],"version-history":[{"count":1,"href":"https:\/\/polaris.ro\/index.php\/wp-json\/wp\/v2\/posts\/2370\/revisions"}],"predecessor-version":[{"id":2372,"href":"https:\/\/polaris.ro\/index.php\/wp-json\/wp\/v2\/posts\/2370\/revisions\/2372"}],"wp:featuredmedia":[{"embeddable":true,"href":"https:\/\/polaris.ro\/index.php\/wp-json\/wp\/v2\/media\/2371"}],"wp:attachment":[{"href":"https:\/\/polaris.ro\/index.php\/wp-json\/wp\/v2\/media?parent=2370"}],"wp:term":[{"taxonomy":"category","embeddable":true,"href":"https:\/\/polaris.ro\/index.php\/wp-json\/wp\/v2\/categories?post=2370"},{"taxonomy":"post_tag","embeddable":true,"href":"https:\/\/polaris.ro\/index.php\/wp-json\/wp\/v2\/tags?post=2370"}],"curies":[{"name":"wp","href":"https:\/\/api.w.org\/{rel}","templated":true}]}}