{"id":2353,"date":"2026-04-17T13:28:11","date_gmt":"2026-04-17T13:28:11","guid":{"rendered":"https:\/\/polaris.ro\/?p=2353"},"modified":"2026-04-17T13:28:12","modified_gmt":"2026-04-17T13:28:12","slug":"campania-trimestriala-perioada-27-aprilie-09-mai-2026-de-colectare-gratuita-a-deseurilor-voluminoase-textile-si-a-celor-periculoase-menajere-din-municipiul-braila","status":"publish","type":"post","link":"https:\/\/polaris.ro\/index.php\/2026\/04\/17\/campania-trimestriala-perioada-27-aprilie-09-mai-2026-de-colectare-gratuita-a-deseurilor-voluminoase-textile-si-a-celor-periculoase-menajere-din-municipiul-braila\/","title":{"rendered":"Campania trimestrial\u0103 perioada 27 Aprilie \u2013 09 Mai 2026 de colectare GRATUIT\u0102 a de\u0219eurilor voluminoase, textile \u0219i a celor periculoase menajere din Municipiul Br\u0103ila"},"content":{"rendered":"\n<ul class=\"wp-block-list\">\n<li><strong>\u00een perioada 27 Aprilie \u2013 09 Mai 2026 derulam campania trimestrial\u0103 de colectare GRATUIT\u0102 a de\u0219eurilor voluminoase, textile \u0219i a celor periculoase menajere din Municipiul Br\u0103ila<\/strong><\/li>\n\n\n\n<li><strong>campania se adreseaz\u0103 persoanelor fizice \u0219i este organizat\u0103 de Polaris M Holding SRL, \u00een calitate de lider al Asocierii \u0219i PHG Waste Management SRL (Asociat), \u00een parteneriat cu ADI ECO DUN\u0102REA BR\u0102ILA.<\/strong><\/li>\n<\/ul>\n\n\n\n<p><strong>Colectarea de\u0219eurilor voluminoase se face GRATUIT, direct de la domiciliu, \u00een baza solicit\u0103rilor<\/strong><\/p>\n\n\n\n<p><strong>telefonice<\/strong><strong><\/strong><\/p>\n\n\n\n<p>Br\u0103ilenii au posibilitatea de a se debarasa, f\u0103r\u0103 niciun efort \u0219i far\u0103 niciun cost suplimentar, de<\/p>\n\n\n\n<p>orice obiect voluminos pe care nu-l mai folosesc \u0219i care ocup\u0103 spa\u021biul inutil, printr-o simpl\u0103 solicitare la num\u0103rul de telefon 0725551330, de luni p\u00e2n\u0103 vineri, \u00eentre orele 08:00 \u2013 16:00.<\/p>\n\n\n\n<p>De\u0219eurile voluminoase trebuie scoase \u00een fa\u021ba blocului\/casei, \u00eentr-un loc accesibil ma\u0219inii de colectare, p\u00e2n\u0103 cel t\u00e2rziu ora 08:30 diminea\u021ba, \u00een ziua de colectare aferent\u0103 zonei \u00een care locuiesc.<\/p>\n\n\n\n<p>Colectarea de\u0219eurilor voluminoase de la popula\u021bie se va face de luni p\u00e2n\u0103 vineri.<\/p>\n\n\n\n<p><strong>De\u0219euri voluminoase acceptate<\/strong>:<\/p>\n\n\n\n<ul class=\"wp-block-list\">\n<li>obiecte de mobilier (ex. dulapuri, birouri, scaune, mese, paturi, canapele, fotolii, saltele etc.)<\/li>\n\n\n\n<li>u\u0219i din lemn sau din alt material<\/li>\n\n\n\n<li>t\u00e2mpl\u0103rie geam din lemn sau din alt material<\/li>\n\n\n\n<li>covoare, linoleum, mochete<\/li>\n\n\n\n<li>de\u0219eurile de echipamente electrice \u0219i electrocasnice (DEEE)<\/li>\n<\/ul>\n\n\n\n<p><strong>Colectarea de\u0219eurilor periculoase prevenite din de\u0219eurile menajere<\/strong><\/p>\n\n\n\n<p>De\u0219eurile periculoase se predau prin aport voluntar la unul din punctele de colectare amenajate temporar. La punctul de colectare va sta\u021biona \u00een intervalul orar 08:00-16:00 o ma\u0219in\u0103 distinct inscrip\u021bionat\u0103, dotat\u0103 cu recipiente corespunz\u0103toare colect\u0103rii categoriilor de de\u0219euri. La punctul fix de colectare se vor primi doar de\u0219euri generate de popula\u021bie.<\/p>\n\n\n\n<p><strong>De\u0219euri textile:<\/strong><\/p>\n\n\n\n<ul class=\"wp-block-list\">\n<li>De\u0219eurile textile menajere (de\u0219eurile vor fi predate \u00een punctele fixe, unde va sta\u021biona o ma\u0219in\u0103 destinat\u0103 at\u00e2t colect\u0103rii de\u0219eurilor periculoase, c\u00e2t \u0219i a celor textile, fiind depozitate \u00een recipiente separate).<\/li>\n<\/ul>\n\n\n\n<p><strong>De\u0219euri periculoase acceptate<\/strong>:<\/p>\n\n\n\n<ul class=\"wp-block-list\">\n<li>Cutii de vopsea, lacuri pentru lemn, diluan\u021bi, cerneluri, adezivi<\/li>\n\n\n\n<li>Baterii, acumulatori (exclus acumulatori auto)<\/li>\n\n\n\n<li>Ambalaje de la detergen\u021bi, produse de cur\u0103\u021benie \u0219i dezinfec\u021bie<\/li>\n\n\n\n<li>Ambalaje de la produse cosmetice (ex. oj\u0103, lac de unghii, aceton\u0103, fixativ, vopsele pentru p\u0103r)<\/li>\n<\/ul>\n\n\n\n<figure class=\"wp-block-image size-full\"><img decoding=\"async\" width=\"366\" height=\"101\" src=\"https:\/\/polaris.ro\/wp-content\/uploads\/2026\/04\/image.jpeg\" alt=\"\" class=\"wp-image-2354\" srcset=\"https:\/\/polaris.ro\/wp-content\/uploads\/2026\/04\/image.jpeg 366w, https:\/\/polaris.ro\/wp-content\/uploads\/2026\/04\/image-300x83.jpeg 300w\" sizes=\"(max-width: 366px) 100vw, 366px\" \/><\/figure>\n\n\n\n<ul class=\"wp-block-list\">\n<li>Ambalaje de la produse pentru \u00eengrijirea gr\u0103dinilor \u0219i a peluzelor (ex. pesticide, erbicide)<\/li>\n\n\n\n<li>Solu\u021bii \u0219i spray-uri pentru g\u00e2ndaci, otrav\u0103<\/li>\n\n\n\n<li>Becuri \u0219i alte surse de iluminat<\/li>\n\n\n\n<li>Alte recipiente ce con\u021bin substan\u021be toxice<\/li>\n\n\n\n<li>Ulei alimentar uzat (*se depoziteaz\u0103 \u00een recipiente de plastic tip PET de c\u0103tre cet\u0103\u021beni, apoi se pred\u0103 la punctul de colectare)<\/li>\n<\/ul>\n\n\n\n<figure class=\"wp-block-image size-full\"><img decoding=\"async\" width=\"370\" height=\"103\" src=\"https:\/\/polaris.ro\/wp-content\/uploads\/2026\/04\/image-2.jpeg\" alt=\"\" class=\"wp-image-2356\" srcset=\"https:\/\/polaris.ro\/wp-content\/uploads\/2026\/04\/image-2.jpeg 370w, https:\/\/polaris.ro\/wp-content\/uploads\/2026\/04\/image-2-300x84.jpeg 300w\" sizes=\"(max-width: 370px) 100vw, 370px\" \/><\/figure>\n\n\n\n<ul class=\"wp-block-list\">\n<li><strong>Program de colectare de\u0219euri voluminoase \u0219i DEEE-uri (APRILIE-MAI 2026):<\/strong><\/li>\n<\/ul>\n\n\n\n<figure class=\"wp-block-table\"><table class=\"has-fixed-layout\"><tbody><tr><td rowspan=\"2\"><strong>&nbsp;<\/strong> <strong>S\u0103pt\u0103m\u00e2na<\/strong> <strong>de colectare<\/strong><\/td><td rowspan=\"4\">&nbsp;<\/td><td rowspan=\"2\"><strong>&nbsp;<\/strong> <strong>Perioad\u0103 pentru<\/strong> <strong>\u00eenregistrare<\/strong> <strong>solicit\u0103ri<\/strong><\/td><td colspan=\"5\"><strong>Zile de colectare<\/strong> <strong>\u0219i<\/strong> <strong>Zone de colectare<\/strong><\/td><td>&nbsp;<\/td><\/tr><tr><td><strong>Luni<\/strong> <strong>27 Aprilie<\/strong><\/td><td><strong>Marti<\/strong> <strong>28 Aprilie<\/strong><\/td><td><strong>Miercuri<\/strong> <strong>29 Aprilie<\/strong><\/td><td><strong>Joi<\/strong> <strong>30 Aprilie<\/strong><\/td><td><strong>Vineri<\/strong> <strong>01 Mai<\/strong><\/td><td rowspan=\"3\">&nbsp;<\/td><\/tr><tr><td rowspan=\"2\"><strong>&nbsp;<\/strong> <strong>27 Aprilie \u2013 01 Mai<\/strong><\/td><td rowspan=\"2\"><strong>&nbsp;<\/strong> <strong>20 \u2013 24<\/strong> <strong>Aprilie<\/strong><\/td><td><strong><em>Zona\/ cartier<\/em><\/strong><\/td><td><strong><em>Zona\/ cartier<\/em><\/strong><\/td><td><strong><em>Zona\/ cartier<\/em><\/strong><\/td><td><strong><em>Zona\/ cartier<\/em><\/strong><\/td><td><strong><em>Zona\/ cartier<\/em><\/strong><\/td><\/tr><tr><td>Vidin, Br\u0103ili\u021ba (+Ansamblul ANL Br\u0103ili\u021ba)<\/td><td>Comorofca ANL-uri Apollo Islaz Minerva<\/td><td>Pisc Chercea Catanga<\/td><td>Obor Lacul Dulce<\/td><td>Hipodrom<\/td><\/tr><tr><td colspan=\"8\">&nbsp;<\/td><td>&nbsp;<\/td><\/tr><tr><td><strong>&nbsp;<\/strong> <strong>S\u0103pt\u0103m\u00e2na<\/strong> <strong>de colectare<\/strong><\/td><td rowspan=\"3\">&nbsp;<\/td><td><strong>Perioad\u0103 pentru<\/strong> <strong>\u00eenregistrare<\/strong> <strong>solicit\u0103ri<\/strong><\/td><td><strong>Luni 04 Mai<\/strong><\/td><td><strong>Marti 05 Mai<\/strong><\/td><td><strong>Miercuri 06 Mai<\/strong><\/td><td><strong>Joi 07 Mai<\/strong><\/td><td><strong>Vineri 08 Mai<\/strong><\/td><td><strong>S\u00e2mb\u0103t\u0103 09 Mai<\/strong><\/td><\/tr><tr><td rowspan=\"2\"><strong>&nbsp;<\/strong> <strong>04 &#8211; 09<\/strong> <strong>Mai<\/strong><\/td><td rowspan=\"2\"><strong>&nbsp;<\/strong> <strong>27 Aprilie \u2013 01 Mai<\/strong><\/td><td><strong><em>Zona\/ cartier<\/em><\/strong><\/td><td><strong><em>Zona\/ cartier<\/em><\/strong><\/td><td><strong><em>Zona\/ cartier<\/em><\/strong><\/td><td><strong><em>Zona\/ cartier<\/em><\/strong><\/td><td><strong><em>Zona\/ cartier<\/em><\/strong><\/td><td><strong><em>Zona\/ cartier<\/em><\/strong><\/td><\/tr><tr><td><strong>Viziru I Viziru II<\/strong><\/td><td>Viziru III C\u0103l\u0103ra\u0219i II C\u0103l\u0103ra\u0219i IV<\/td><td><strong>&nbsp;<\/strong> Ansamblul Buz\u0103ului<\/td><td>B-dul Doroban\u021bilor B-dul Alexandru Ioan Cuza<\/td><td><strong>&nbsp;<\/strong> Radu Negru Kaufland<\/td><td><strong>&nbsp;<\/strong> Centrul istoric<\/td><\/tr><tr><td colspan=\"8\">&nbsp;<\/td><td>&nbsp;<\/td><\/tr><tr><td>&nbsp;<\/td><td>&nbsp;<\/td><td>&nbsp;<\/td><td>&nbsp;<\/td><td>&nbsp;<\/td><td>&nbsp;<\/td><td>&nbsp;<\/td><td>&nbsp;<\/td><td>&nbsp;<\/td><\/tr><\/tbody><\/table><\/figure>\n\n\n\n<figure class=\"wp-block-image size-full\"><img decoding=\"async\" width=\"366\" height=\"101\" src=\"https:\/\/polaris.ro\/wp-content\/uploads\/2026\/04\/image-1.jpeg\" alt=\"\" class=\"wp-image-2355\" srcset=\"https:\/\/polaris.ro\/wp-content\/uploads\/2026\/04\/image-1.jpeg 366w, https:\/\/polaris.ro\/wp-content\/uploads\/2026\/04\/image-1-300x83.jpeg 300w\" sizes=\"(max-width: 366px) 100vw, 366px\" \/><\/figure>\n\n\n\n<ul class=\"wp-block-list\">\n<li><strong>Program de colectare de\u0219euri textile \u0219i periculoase (2026):<\/strong><\/li>\n<\/ul>\n\n\n\n<figure class=\"wp-block-table\"><table class=\"has-fixed-layout\"><tbody><tr><td><strong>&nbsp;<\/strong> <strong>&nbsp;<\/strong> <strong>Zi de colectare<\/strong><strong><\/strong><\/td><td><strong>&nbsp;<\/strong> <strong>&nbsp;<\/strong> <strong>CARTIER<\/strong><strong><\/strong><\/td><td><strong>&nbsp;<\/strong> <strong>&nbsp;<\/strong> <strong>Reper locatie punct fix<\/strong><strong><\/strong><\/td><\/tr><tr><td>27 Aprilie (08:00-11:30)<\/td><td>Vidin<\/td><td><strong>&nbsp;<\/strong> Stadion Progresul<\/td><\/tr><tr><td>27 Aprilie (12:00-16:00)<\/td><td>Pisc<\/td><td>Str. Eroilor intersec\u021bie cu Calea Gala\u021bi<\/td><\/tr><tr><td>28 Aprilie (08:00-11:30)<\/td><td>Br\u0103ili\u021ba<\/td><td><strong>&nbsp;<\/strong> Str. Cezar Petrescu (l\u00e2ng\u0103 Biseric\u0103)<\/td><\/tr><tr><td>28 Aprilie (12:00-16:00)<\/td><td>Comorofca<\/td><td><strong>&nbsp;<\/strong> Str. Vadul Olangeriei intersec\u021bie cu Str. Carantinei<\/td><\/tr><tr><td>29 Aprilie (08:00-11:30)<\/td><td>Islaz<\/td><td><strong>&nbsp;<\/strong> Str. Kogalniceanu intersec\u021bie cu Str. Carpa\u021bi<\/td><\/tr><tr><td>29 Aprilie (12:00-16:00)<\/td><td>Minerva<\/td><td><strong>&nbsp;<\/strong> \u0218os. R\u00e2mnicu S\u0103rat intersec\u021bie cu Str. Minerva<\/td><\/tr><tr><td>30 Aprilie (08:00-11:30)<\/td><td>Chercea<\/td><td>C\u0103min Cultural (\u00een parcare)<\/td><\/tr><tr><td>30 Aprilie (12:00-16:00)<\/td><td>Obor<\/td><td><strong>&nbsp;<\/strong> Complex Dinamo<\/td><\/tr><tr><td>01 Mai (08:00-11:30)<\/td><td>Bdul. Doroban\u021bilor<\/td><td><strong>&nbsp;<\/strong> Bdul. Doroban\u021bilor intersec\u021bie cu Str. Clo\u0219ca<\/td><\/tr><tr><td>01 Mai (12:00-16:00)<\/td><td>Lacul Dulce<\/td><td><strong>&nbsp;<\/strong> \u0218coala Anton Pann<\/td><\/tr><tr><td>04 Mai<\/td><td>Hipodrom<\/td><td><strong>&nbsp;<\/strong> Complex Comercial Hipodrom<\/td><\/tr><tr><td>05 Mai<\/td><td>Viziru I, II, III Kaufland<\/td><td><strong>&nbsp;<\/strong> Str. Mecanizatorilor<\/td><\/tr><tr><td>06 Mai<\/td><td>Bdul. Alexandru Ioan Cuza Centrul Istoric<\/td><td><strong>&nbsp;<\/strong> <strong>&nbsp;<\/strong> Str. Ana Aslan intersec\u021bie cu Str. Radu S. Campiniu<\/td><\/tr><tr><td>07 Mai<\/td><td>C\u0103l\u0103ra\u0219i II C\u0103l\u0103ra\u0219i IV Colonii<\/td><td><strong>&nbsp;<\/strong> <strong>&nbsp;<\/strong> Str. Celulozei intersec\u021bie cu Calea Ferat\u0103<\/td><\/tr><tr><td>08 Mai<\/td><td><strong>&nbsp;<\/strong> Radu Negru Ansamblul Buz\u0103ului<\/td><td><strong>&nbsp;<\/strong> <strong>&nbsp;<\/strong> Str. Milcov intersec\u021bie cu \u0218os. Buz\u0103ului (parcare)<\/td><\/tr><\/tbody><\/table><\/figure>\n\n\n<a href=\"https:\/\/polaris.ro\/wp-content\/uploads\/2026\/04\/Plan-organizare-campanie-deseurilor-volum-peric-Municipiul-Braila_APRILIE-MAI_2026_mod.pdf\" class=\"pdfemb-viewer\" style=\"\" data-width=\"max\" data-height=\"max\" data-toolbar=\"bottom\" data-toolbar-fixed=\"off\">Plan-organizare-campanie-deseurilor-volum-peric-Municipiul-Braila_APRILIE-MAI_2026_mod<\/a>\n\n<a href=\"https:\/\/polaris.ro\/wp-content\/uploads\/2026\/04\/APRILIE-MAI-2026.pdf\" class=\"pdfemb-viewer\" style=\"\" data-width=\"max\" data-height=\"max\" data-toolbar=\"bottom\" data-toolbar-fixed=\"off\">APRILIE-MAI-2026<\/a>","protected":false},"excerpt":{"rendered":"<p>Colectarea de\u0219eurilor voluminoase se face GRATUIT, direct de la domiciliu, \u00een baza solicit\u0103rilor telefonice Br\u0103ilenii au posibilitatea de a se debarasa, f\u0103r\u0103 niciun efort \u0219i far\u0103 niciun cost suplimentar, de orice obiect voluminos pe care nu-l mai folosesc \u0219i care ocup\u0103 spa\u021biul inutil, printr-o simpl\u0103 solicitare la num\u0103rul de telefon 0725551330, de luni p\u00e2n\u0103 vineri, [&hellip;]<\/p>\n","protected":false},"author":1,"featured_media":2359,"comment_status":"open","ping_status":"open","sticky":false,"template":"","format":"standard","meta":{"footnotes":""},"categories":[9],"tags":[],"class_list":["post-2353","post","type-post","status-publish","format-standard","has-post-thumbnail","hentry","category-instiintari-braila"],"_links":{"self":[{"href":"https:\/\/polaris.ro\/index.php\/wp-json\/wp\/v2\/posts\/2353","targetHints":{"allow":["GET"]}}],"collection":[{"href":"https:\/\/polaris.ro\/index.php\/wp-json\/wp\/v2\/posts"}],"about":[{"href":"https:\/\/polaris.ro\/index.php\/wp-json\/wp\/v2\/types\/post"}],"author":[{"embeddable":true,"href":"https:\/\/polaris.ro\/index.php\/wp-json\/wp\/v2\/users\/1"}],"replies":[{"embeddable":true,"href":"https:\/\/polaris.ro\/index.php\/wp-json\/wp\/v2\/comments?post=2353"}],"version-history":[{"count":1,"href":"https:\/\/polaris.ro\/index.php\/wp-json\/wp\/v2\/posts\/2353\/revisions"}],"predecessor-version":[{"id":2360,"href":"https:\/\/polaris.ro\/index.php\/wp-json\/wp\/v2\/posts\/2353\/revisions\/2360"}],"wp:featuredmedia":[{"embeddable":true,"href":"https:\/\/polaris.ro\/index.php\/wp-json\/wp\/v2\/media\/2359"}],"wp:attachment":[{"href":"https:\/\/polaris.ro\/index.php\/wp-json\/wp\/v2\/media?parent=2353"}],"wp:term":[{"taxonomy":"category","embeddable":true,"href":"https:\/\/polaris.ro\/index.php\/wp-json\/wp\/v2\/categories?post=2353"},{"taxonomy":"post_tag","embeddable":true,"href":"https:\/\/polaris.ro\/index.php\/wp-json\/wp\/v2\/tags?post=2353"}],"curies":[{"name":"wp","href":"https:\/\/api.w.org\/{rel}","templated":true}]}}