{"id":2264,"date":"2026-02-16T13:13:53","date_gmt":"2026-02-16T13:13:53","guid":{"rendered":"https:\/\/polaris.ro\/?p=2264"},"modified":"2026-02-16T13:13:54","modified_gmt":"2026-02-16T13:13:54","slug":"derularea-campaniei-trimestriale-de-colectare-a-deseurilor-voluminoase-textile-deee-uri-si-a-celor-periculoase-in-zona-3-judetul-braila-2026","status":"publish","type":"post","link":"https:\/\/polaris.ro\/index.php\/2026\/02\/16\/derularea-campaniei-trimestriale-de-colectare-a-deseurilor-voluminoase-textile-deee-uri-si-a-celor-periculoase-in-zona-3-judetul-braila-2026\/","title":{"rendered":"Derularea campaniei trimestriale de colectare a de\u0219eurilor voluminoase, textile, DEEE-uri \u0219i a celor periculoase \u00een ZONA 3 \u2013 Jude\u021bul Br\u0103ila 2026"},"content":{"rendered":"\n<p>Prin prezenta v\u0103 comunic\u0103m faptul c\u0103 \u00een perioada <strong>23 \u2013 27 februarie 2026<\/strong> vom desf\u0103\u0219ura <strong>campania de colectare gratuit\u0103 a de\u0219eurilor voluminoase, textile, DEEE-uri \u0219i a celor periculoase menajere \u00een localit\u0103\u021bile din Zona 3 a jude\u021bului Br\u0103ila<\/strong>.<\/p>\n\n\n\n<p>Campania se va desf\u0103\u0219ura conform prevederilor din Caietul de sarcini \u0219i din oferta depus\u0103. Modalitatea de colectare a de\u0219eurilor \u00een cadrul campaniilor trimestriale se va realiza prin aport voluntar, ceea ce presupune predarea de\u0219eurilor de c\u0103tre cet\u0103\u021beni la punctul fix de colectare unde va sta\u021biona pentru c\u00e2teva ore o ma\u0219in\u0103 distinct inscrip\u021bionat\u0103, pentru fiecare categorie de de\u0219eu colectat\u0103.<\/p>\n\n\n\n<figure class=\"wp-block-image size-large\"><img fetchpriority=\"high\" decoding=\"async\" width=\"1024\" height=\"627\" src=\"https:\/\/polaris.ro\/wp-content\/uploads\/2026\/02\/program-colectare-2026-polaris-1-1024x627.png\" alt=\"\" class=\"wp-image-2266\" srcset=\"https:\/\/polaris.ro\/wp-content\/uploads\/2026\/02\/program-colectare-2026-polaris-1-1024x627.png 1024w, https:\/\/polaris.ro\/wp-content\/uploads\/2026\/02\/program-colectare-2026-polaris-1-300x184.png 300w, https:\/\/polaris.ro\/wp-content\/uploads\/2026\/02\/program-colectare-2026-polaris-1-768x470.png 768w, https:\/\/polaris.ro\/wp-content\/uploads\/2026\/02\/program-colectare-2026-polaris-1.png 1469w\" sizes=\"(max-width: 1024px) 100vw, 1024px\" \/><\/figure>\n","protected":false},"excerpt":{"rendered":"<p>Prin prezenta v\u0103 comunic\u0103m faptul c\u0103 \u00een perioada 23 \u2013 27 februarie 2026 vom desf\u0103\u0219ura campania de colectare gratuit\u0103 a de\u0219eurilor voluminoase, textile, DEEE-uri \u0219i a celor periculoase menajere \u00een localit\u0103\u021bile din Zona 3 a jude\u021bului Br\u0103ila. Campania se va desf\u0103\u0219ura conform prevederilor din Caietul de sarcini \u0219i din oferta depus\u0103. Modalitatea de colectare a [&hellip;]<\/p>\n","protected":false},"author":1,"featured_media":2265,"comment_status":"open","ping_status":"open","sticky":false,"template":"","format":"standard","meta":{"footnotes":""},"categories":[9],"tags":[],"class_list":["post-2264","post","type-post","status-publish","format-standard","has-post-thumbnail","hentry","category-instiintari-braila"],"_links":{"self":[{"href":"https:\/\/polaris.ro\/index.php\/wp-json\/wp\/v2\/posts\/2264","targetHints":{"allow":["GET"]}}],"collection":[{"href":"https:\/\/polaris.ro\/index.php\/wp-json\/wp\/v2\/posts"}],"about":[{"href":"https:\/\/polaris.ro\/index.php\/wp-json\/wp\/v2\/types\/post"}],"author":[{"embeddable":true,"href":"https:\/\/polaris.ro\/index.php\/wp-json\/wp\/v2\/users\/1"}],"replies":[{"embeddable":true,"href":"https:\/\/polaris.ro\/index.php\/wp-json\/wp\/v2\/comments?post=2264"}],"version-history":[{"count":1,"href":"https:\/\/polaris.ro\/index.php\/wp-json\/wp\/v2\/posts\/2264\/revisions"}],"predecessor-version":[{"id":2267,"href":"https:\/\/polaris.ro\/index.php\/wp-json\/wp\/v2\/posts\/2264\/revisions\/2267"}],"wp:featuredmedia":[{"embeddable":true,"href":"https:\/\/polaris.ro\/index.php\/wp-json\/wp\/v2\/media\/2265"}],"wp:attachment":[{"href":"https:\/\/polaris.ro\/index.php\/wp-json\/wp\/v2\/media?parent=2264"}],"wp:term":[{"taxonomy":"category","embeddable":true,"href":"https:\/\/polaris.ro\/index.php\/wp-json\/wp\/v2\/categories?post=2264"},{"taxonomy":"post_tag","embeddable":true,"href":"https:\/\/polaris.ro\/index.php\/wp-json\/wp\/v2\/tags?post=2264"}],"curies":[{"name":"wp","href":"https:\/\/api.w.org\/{rel}","templated":true}]}}