{"id":2185,"date":"2025-12-11T12:17:55","date_gmt":"2025-12-11T12:17:55","guid":{"rendered":"https:\/\/polaris.ro\/?p=2185"},"modified":"2025-12-11T12:19:10","modified_gmt":"2025-12-11T12:19:10","slug":"programul-de-colectare-a-deseurilor-in-perioada-sarbatorilor-de-iarna","status":"publish","type":"post","link":"https:\/\/polaris.ro\/index.php\/2025\/12\/11\/programul-de-colectare-a-deseurilor-in-perioada-sarbatorilor-de-iarna\/","title":{"rendered":"Programul de colectare a de\u0219eurilor \u00een perioada s\u0103rb\u0103torilor de iarn\u0103"},"content":{"rendered":"\n<p>Polaris M Holding aduce la cuno\u0219tin\u021ba persoanelor fizice \u0219i juridice programul special de colectare a de\u0219eurilor aferent s\u0103rb\u0103torilor din luna decembrie \u2013 ianuarie.<\/p>\n\n\n\n<p>Av\u00e2nd \u00een vedere zilele nelucr\u0103toare de <strong>25 decembrie (Cr\u0103ciun)<\/strong> \u0219i <strong>1 ianuarie (Anul Nou)<\/strong>, colectarea de\u0219eurilor se va realiza astfel:<\/p>\n\n\n\n<h3 class=\"wp-block-heading\"><strong>Program modificat:<\/strong><\/h3>\n\n\n\n<ul class=\"wp-block-list\">\n<li><strong>Colectarea aferent\u0103 datei de <em>25 decembrie 20<\/em>25<\/strong><br>va fi <strong>reprogramat\u0103 pentru <em>27 decembrie 202<\/em>5<\/strong><\/li>\n\n\n\n<li><strong>Colectarea aferent\u0103 datei de <em>1 ianuarie 202<\/em>5<\/strong><br>va fi <strong>reprogramat\u0103 pentru <em>3 ianuarie 202<\/em>5<\/strong><\/li>\n<\/ul>\n\n\n\n<p>Toate celelalte servicii de colectare se vor desf\u0103\u0219ura conform programului obi\u0219nuit.<\/p>\n\n\n\n<p>Rug\u0103m cet\u0103\u021benii \u0219i agen\u021bii economici s\u0103 depoziteze de\u0219eurile \u00een mod corespunz\u0103tor \u0219i s\u0103 respecte programul anun\u021bat, pentru desf\u0103\u0219urarea optim\u0103 a activit\u0103\u021bilor de salubrizare.<\/p>\n\n\n\n<p>Polaris mul\u021bume\u0219te comunit\u0103\u021bii pentru \u00een\u021belegere \u0219i cooperare \u0219i le ureaz\u0103 s\u0103rb\u0103tori lini\u0219tite.<\/p>\n\n\n\n<p><\/p>\n","protected":false},"excerpt":{"rendered":"<p>Polaris M Holding aduce la cuno\u0219tin\u021ba persoanelor fizice \u0219i juridice programul special de colectare a de\u0219eurilor aferent s\u0103rb\u0103torilor din luna decembrie \u2013 ianuarie. Av\u00e2nd \u00een vedere zilele nelucr\u0103toare de 25 decembrie (Cr\u0103ciun) \u0219i 1 ianuarie (Anul Nou), colectarea de\u0219eurilor se va realiza astfel: Program modificat: Toate celelalte servicii de colectare se vor desf\u0103\u0219ura conform programului [&hellip;]<\/p>\n","protected":false},"author":1,"featured_media":2186,"comment_status":"open","ping_status":"open","sticky":false,"template":"","format":"standard","meta":{"footnotes":""},"categories":[11],"tags":[],"class_list":["post-2185","post","type-post","status-publish","format-standard","has-post-thumbnail","hentry","category-instiintari-constanta"],"_links":{"self":[{"href":"https:\/\/polaris.ro\/index.php\/wp-json\/wp\/v2\/posts\/2185","targetHints":{"allow":["GET"]}}],"collection":[{"href":"https:\/\/polaris.ro\/index.php\/wp-json\/wp\/v2\/posts"}],"about":[{"href":"https:\/\/polaris.ro\/index.php\/wp-json\/wp\/v2\/types\/post"}],"author":[{"embeddable":true,"href":"https:\/\/polaris.ro\/index.php\/wp-json\/wp\/v2\/users\/1"}],"replies":[{"embeddable":true,"href":"https:\/\/polaris.ro\/index.php\/wp-json\/wp\/v2\/comments?post=2185"}],"version-history":[{"count":3,"href":"https:\/\/polaris.ro\/index.php\/wp-json\/wp\/v2\/posts\/2185\/revisions"}],"predecessor-version":[{"id":2189,"href":"https:\/\/polaris.ro\/index.php\/wp-json\/wp\/v2\/posts\/2185\/revisions\/2189"}],"wp:featuredmedia":[{"embeddable":true,"href":"https:\/\/polaris.ro\/index.php\/wp-json\/wp\/v2\/media\/2186"}],"wp:attachment":[{"href":"https:\/\/polaris.ro\/index.php\/wp-json\/wp\/v2\/media?parent=2185"}],"wp:term":[{"taxonomy":"category","embeddable":true,"href":"https:\/\/polaris.ro\/index.php\/wp-json\/wp\/v2\/categories?post=2185"},{"taxonomy":"post_tag","embeddable":true,"href":"https:\/\/polaris.ro\/index.php\/wp-json\/wp\/v2\/tags?post=2185"}],"curies":[{"name":"wp","href":"https:\/\/api.w.org\/{rel}","templated":true}]}}