{"id":2099,"date":"2025-10-27T12:36:17","date_gmt":"2025-10-27T12:36:17","guid":{"rendered":"https:\/\/polaris.ro\/?p=2099"},"modified":"2025-10-27T12:36:19","modified_gmt":"2025-10-27T12:36:19","slug":"elimina-responsabil-deseurile-voluminoase-27-10-2025-1-11-2025-2","status":"publish","type":"post","link":"https:\/\/polaris.ro\/index.php\/2025\/10\/27\/elimina-responsabil-deseurile-voluminoase-27-10-2025-1-11-2025-2\/","title":{"rendered":"Elimin\u0103 responsabil de\u0219eurile voluminoase: 27.10.2025 \u2013 1.11.2025"},"content":{"rendered":"\n<p>\u267b\ufe0f Scap\u0103 responsabil de lucrurile vechi!<\/p>\n\n\n\n<p>\ud83d\udcc5 \u00cen perioada 27 octombrie \u2013 1 noiembrie, containerul verde pentru de\u0219euri voluminoase este amplasat \u00een:<\/p>\n\n\n\n<p>\ud83d\udccd Str 1 Mai Vechi,boxa\u00a0032<\/p>\n\n\n\n<p>\ud83d\udecb\ufe0f Ce po\u021bi aduce?<\/p>\n\n\n\n<p>\u2714\ufe0f Mobilier vechi deteriorat (canapele, rafturi, dulapuri, saltele, u\u0219i)<\/p>\n\n\n\n<p>\u2714\ufe0f Calorifere, obiecte de uz sanitar<\/p>\n\n\n\n<p>\u2714\ufe0f Mochete.<\/p>\n\n\n\n<p>\u274c Ce nu po\u021bi depozita \u00een aceste containere?<\/p>\n\n\n\n<p>\u274c de\u0219euri menajere<\/p>\n\n\n\n<p>\u274c de\u0219euri rezultate din construc\u021bii sau demol\u0103ri<\/p>\n\n\n\n<p>\u274c de\u0219euri de echipamente electrice \u0219i electronice<\/p>\n\n\n\n<p>\u274c de\u0219euri reciclabile ( h\u00e2rtie, carton, plastic, metal, sticl\u0103 )<\/p>\n\n\n\n<p>\u267b\ufe0f Nu ajungi s\u0103pt\u0103m\u00e2na asta?<\/p>\n\n\n\n<p>Po\u021bi merge oric\u00e2nd la Centrul de Colectare de pe bd. Aurel Vlaicu 290A, deschis zilnic \u00eentre 07:00 \u2013 19:00.<\/p>\n\n\n\n<p>\ud83d\udcde Informa\u021bii: 0723 372 163<\/p>\n\n\n\n<p>\ud83d\udd01 Distribuie aceast\u0103 postare! Poate ajuta pe cineva din comunitatea ta.<\/p>\n\n\n\n<p>#constantacurata #deseurivoluminoase #recicleaza #polaris #colecteazaseparat<\/p>\n","protected":false},"excerpt":{"rendered":"<p>\u267b\ufe0f Scap\u0103 responsabil de lucrurile vechi! \ud83d\udcc5 \u00cen perioada 27 octombrie \u2013 1 noiembrie, containerul verde pentru de\u0219euri voluminoase este amplasat \u00een: \ud83d\udccd Str 1 Mai Vechi,boxa\u00a0032 \ud83d\udecb\ufe0f Ce po\u021bi aduce? \u2714\ufe0f Mobilier vechi deteriorat (canapele, rafturi, dulapuri, saltele, u\u0219i) \u2714\ufe0f Calorifere, obiecte de uz sanitar \u2714\ufe0f Mochete. \u274c Ce nu po\u021bi depozita \u00een aceste [&hellip;]<\/p>\n","protected":false},"author":1,"featured_media":2100,"comment_status":"open","ping_status":"open","sticky":false,"template":"","format":"standard","meta":{"footnotes":""},"categories":[11],"tags":[],"class_list":["post-2099","post","type-post","status-publish","format-standard","has-post-thumbnail","hentry","category-instiintari-constanta"],"_links":{"self":[{"href":"https:\/\/polaris.ro\/index.php\/wp-json\/wp\/v2\/posts\/2099","targetHints":{"allow":["GET"]}}],"collection":[{"href":"https:\/\/polaris.ro\/index.php\/wp-json\/wp\/v2\/posts"}],"about":[{"href":"https:\/\/polaris.ro\/index.php\/wp-json\/wp\/v2\/types\/post"}],"author":[{"embeddable":true,"href":"https:\/\/polaris.ro\/index.php\/wp-json\/wp\/v2\/users\/1"}],"replies":[{"embeddable":true,"href":"https:\/\/polaris.ro\/index.php\/wp-json\/wp\/v2\/comments?post=2099"}],"version-history":[{"count":1,"href":"https:\/\/polaris.ro\/index.php\/wp-json\/wp\/v2\/posts\/2099\/revisions"}],"predecessor-version":[{"id":2101,"href":"https:\/\/polaris.ro\/index.php\/wp-json\/wp\/v2\/posts\/2099\/revisions\/2101"}],"wp:featuredmedia":[{"embeddable":true,"href":"https:\/\/polaris.ro\/index.php\/wp-json\/wp\/v2\/media\/2100"}],"wp:attachment":[{"href":"https:\/\/polaris.ro\/index.php\/wp-json\/wp\/v2\/media?parent=2099"}],"wp:term":[{"taxonomy":"category","embeddable":true,"href":"https:\/\/polaris.ro\/index.php\/wp-json\/wp\/v2\/categories?post=2099"},{"taxonomy":"post_tag","embeddable":true,"href":"https:\/\/polaris.ro\/index.php\/wp-json\/wp\/v2\/tags?post=2099"}],"curies":[{"name":"wp","href":"https:\/\/api.w.org\/{rel}","templated":true}]}}