{"id":2056,"date":"2025-10-15T10:09:13","date_gmt":"2025-10-15T10:09:13","guid":{"rendered":"https:\/\/polaris.ro\/?p=2056"},"modified":"2025-10-15T10:10:41","modified_gmt":"2025-10-15T10:10:41","slug":"polaris-m-holding-demareaza-actiunea-de-distribuire-a-pubelelor-negre-pentru-colectarea-deseurilor-reziduale-in-municipiul-braila","status":"publish","type":"post","link":"https:\/\/polaris.ro\/index.php\/2025\/10\/15\/polaris-m-holding-demareaza-actiunea-de-distribuire-a-pubelelor-negre-pentru-colectarea-deseurilor-reziduale-in-municipiul-braila\/","title":{"rendered":"POLARIS M HOLDING demareaz\u0103 ac\u021biunea de distribuire a pubelelor negre pentru colectarea de\u0219eurilor reziduale \u00een Municipiul Br\u0103ila"},"content":{"rendered":"\n<p><strong>&nbsp;\u00cencep\u00e2nd cu data de 20 octombrie 2025, POLARIS M HOLDING va demara ac\u021biunea de distribuire a pubelelor negre destinate colect\u0103rii de\u0219eurilor reziduale pentru gospod\u0103riile din zona de case a Municipiului Br\u0103ila.<\/strong><\/p>\n\n\n\n<p><strong>Prin aceast\u0103 ac\u021biune, Asocierea POLARIS &nbsp;continu\u0103 procesul de \u00eembun\u0103t\u0103\u021bire a sistemului de colectare selectiv\u0103 a de\u0219eurilor, \u00een conformitate cu prevederile Ordonan\u021bei de Urgen\u021b\u0103 nr. 92\/2021 privind regimul de\u0219eurilor, care transpune Directiva (UE) 2018\/851 \u00een legisla\u021bia na\u021bional\u0103.<\/strong><\/p>\n\n\n\n<p><strong>Schimb\u0103ri importante pentru cet\u0103\u021beni<\/strong><\/p>\n\n\n\n<ul class=\"wp-block-list\">\n<li><strong>PUBELA MARO, utilizat\u0103 \u00een prezent pentru colectarea de\u0219eurilor reziduale, va fi folosit\u0103 \u00eencep\u00e2nd cu luna decembrie 2025 pentru colectarea BIODE\u0218EURILOR.<\/strong><\/li>\n\n\n\n<li><strong>Noua PUBEL\u0102 NEAGR\u0102 va fi destinat\u0103 de\u0219eurilor reziduale \u0219i va fi distribuit\u0103 \u00eempreun\u0103 cu un autocolant care indic\u0103 tipul de frac\u021bie.<\/strong><\/li>\n\n\n\n<li><strong>Pe pubela maro existent\u0103 se va aplica un autocolant pentru biode\u0219euri, de echipa noastr\u0103, \u00een momentul pred\u0103rii pubelei negre.<\/strong><\/li>\n<\/ul>\n\n\n\n<p>Rug\u0103m cet\u0103\u021benii care au colectarea de\u0219eurilor reziduale programat\u0103 \u00een ziua de luni s\u0103 scoat\u0103 pubela maro \u00een fa\u021ba locuin\u021bei, pentru ca echipa POLARIS s\u0103 poat\u0103 efectua lipirea autocolantului \u0219i distribuirea noii pubele negre. <strong>Str\u0103zile vizate pentru distribuirea pubelelor din data de 20 octombrie, vor fi anun\u021bate vineri, 17 octombrie 2025 pe pagina noastr\u0103 de facebook: <\/strong><strong>Salubritate Polaris &#8211; PHG Braila<\/strong><strong><\/strong><\/p>\n\n\n\n<p>Modalitatea de distribuire<\/p>\n\n\n\n<p>Distribuirea pubelelor se va face progresiv, pe zone, de luni p\u00e2n\u0103 vineri, \u00een intervalul 07:30 \u2013 15:00.<\/p>\n\n\n\n<p>Fiecare gospod\u0103rie va primi:<\/p>\n\n\n\n<ul class=\"wp-block-list\">\n<li>Pubela neagr\u0103 pentru de\u0219euri reziduale;<\/li>\n\n\n\n<li>Calendarul de colectare pentru de\u0219eurile reziduale, biode\u0219euri \u0219i reciclabile.<\/li>\n<\/ul>\n\n\n\n<p>Predarea se va face pe baza unui proces-verbal, motiv pentru care rug\u0103m cet\u0103\u021benii s\u0103 fie prezen\u021bi la domiciliu \u00een momentul vizitei echipei noastre.<\/p>\n\n\n\n<p>Persoanele care nu se afl\u0103 acas\u0103 \u00een momentul distribuirii pot ob\u021bine informa\u021bii suplimentare pentru a intra \u00een posesia acestora, la num\u0103rul de telefon 0725 551 330.<\/p>\n\n\n\n<p><strong>Colectarea biode\u0219eurilor \u2013 o obliga\u021bie legal\u0103<\/strong><\/p>\n\n\n\n<p><strong>Introducerea frac\u021biei de biode\u0219euri este obligatorie la nivel na\u021bional, conform OUG nr. 92\/2021, \u00een vederea alinierii Rom\u00e2niei la standardele europene privind gestionarea de\u0219eurilor \u0219i protec\u021bia mediului.<\/strong><\/p>\n\n\n\n<p><strong><em>\u00cen pubela maro (biode\u0219euri) se vor colecta urm\u0103toarele tipuri de de\u0219euri:<\/em><\/strong><\/p>\n\n\n\n<ul class=\"wp-block-list\">\n<li>resturi de fructe \u0219i legume;<ul><li>p\u00e2ine, cereale, za\u021b de cafea \u0219i ceai;<\/li><\/ul><ul><li>h\u00e2rtii \u0219i cartoane murdare;<\/li><\/ul><ul><li>coji de ou\u0103, coji de nuci;<\/li><\/ul><ul><li>p\u0103r, blan\u0103, haine din fibre naturale m\u0103run\u021bite;<\/li><\/ul><ul><li>plante de apartament;<\/li><\/ul>\n<ul class=\"wp-block-list\">\n<li>frunze, crengu\u021be, flori, rumegu\u0219, f\u00e2n \u0219i paie.<\/li>\n<\/ul>\n<\/li>\n<\/ul>\n\n\n\n<p><strong><em>\u00cen pubela neagr\u0103 (de\u0219euri reziduale) se vor colecta:<\/em><\/strong><\/p>\n\n\n\n<ul class=\"wp-block-list\">\n<li>resturi alimentare (carne, pe\u0219te, lactate, ou\u0103);<ul><li>gr\u0103simi \u0219i uleiuri alimentare;<\/li><\/ul><ul><li>excremente de animale de companie;<\/li><\/ul><ul><li>scutece, tampoane;<\/li><\/ul><ul><li>cenu\u0219\u0103 de la sobe;<\/li><\/ul><ul><li>resturi vegetale tratate cu pesticide;<\/li><\/ul><ul><li>lemn tratat, vopsit;<\/li><\/ul><ul><li>con\u021binutul sacului de aspirator;<\/li><\/ul><ul><li>mucuri de \u021bigar\u0103;<\/li><\/ul>\n<ul class=\"wp-block-list\">\n<li>vesel\u0103 de por\u021belan sau sticl\u0103 spart\u0103.<\/li>\n<\/ul>\n<\/li>\n<\/ul>\n\n\n\n<p><strong>Mesaj pentru br\u0103ileni<\/strong><\/p>\n\n\n\n<p>POLARIS M HOLDING<\/p>\n\n\n\n<p>Rug\u0103m cet\u0103\u021benii s\u0103 manifeste r\u0103bdare \u0219i \u00een\u021belegere pe durata procesului de distribuire, care va fi realizat treptat, \u00een func\u021bie de zonele de colectare.<\/p>\n\n\n\n<p>V\u0103 rug\u0103m s\u0103 urm\u0103ri\u021bi pagina de facebook <a href=\"https:\/\/www.facebook.com\/profile.php?id=61564643157794\">https:\/\/www.facebook.com\/profile.php?id=61564643157794<\/a> pentru a fi la curent cu toate nout\u0103\u021bile noastre.<\/p>\n\n\n\n<p><strong>Contact pres\u0103:<\/strong><\/p>\n\n\n\n<p><strong>POLARIS M HOLDING \u2013 Punct de lucru Br\u0103ila<\/strong><\/p>\n\n\n\n<p><strong>&#111;&#x66;&#x66;&#105;&#x63;&#x65;&#46;&#x62;&#x72;a&#105;&#x6c;a&#64;&#x70;o&#108;&#x61;r&#105;&#x73;&#46;&#114;&#x6f;<\/strong><\/p>\n\n\n\n<figure class=\"wp-block-gallery has-nested-images columns-default is-cropped wp-block-gallery-1 is-layout-flex wp-block-gallery-is-layout-flex\">\n<figure class=\"wp-block-image size-large\"><img fetchpriority=\"high\" decoding=\"async\" width=\"598\" height=\"851\" data-id=\"2057\" src=\"https:\/\/polaris.ro\/wp-content\/uploads\/2025\/10\/WhatsApp-Image-2025-10-15-at-13.05.22_81b834e4.jpg\" alt=\"\" class=\"wp-image-2057\" srcset=\"https:\/\/polaris.ro\/wp-content\/uploads\/2025\/10\/WhatsApp-Image-2025-10-15-at-13.05.22_81b834e4.jpg 598w, https:\/\/polaris.ro\/wp-content\/uploads\/2025\/10\/WhatsApp-Image-2025-10-15-at-13.05.22_81b834e4-211x300.jpg 211w\" sizes=\"(max-width: 598px) 100vw, 598px\" \/><\/figure>\n\n\n\n<figure class=\"wp-block-image size-large\"><img decoding=\"async\" width=\"670\" height=\"944\" data-id=\"2058\" src=\"https:\/\/polaris.ro\/wp-content\/uploads\/2025\/10\/WhatsApp-Image-2025-10-15-at-13.05.22_e18b33fd.jpg\" alt=\"\" class=\"wp-image-2058\" srcset=\"https:\/\/polaris.ro\/wp-content\/uploads\/2025\/10\/WhatsApp-Image-2025-10-15-at-13.05.22_e18b33fd.jpg 670w, https:\/\/polaris.ro\/wp-content\/uploads\/2025\/10\/WhatsApp-Image-2025-10-15-at-13.05.22_e18b33fd-213x300.jpg 213w\" sizes=\"(max-width: 670px) 100vw, 670px\" \/><\/figure>\n<\/figure>\n","protected":false},"excerpt":{"rendered":"<p>&nbsp;\u00cencep\u00e2nd cu data de 20 octombrie 2025, POLARIS M HOLDING va demara ac\u021biunea de distribuire a pubelelor negre destinate colect\u0103rii de\u0219eurilor reziduale pentru gospod\u0103riile din zona de case a Municipiului Br\u0103ila. Prin aceast\u0103 ac\u021biune, Asocierea POLARIS &nbsp;continu\u0103 procesul de \u00eembun\u0103t\u0103\u021bire a sistemului de colectare selectiv\u0103 a de\u0219eurilor, \u00een conformitate cu prevederile Ordonan\u021bei de Urgen\u021b\u0103 nr. [&hellip;]<\/p>\n","protected":false},"author":1,"featured_media":2058,"comment_status":"open","ping_status":"open","sticky":false,"template":"","format":"standard","meta":{"footnotes":""},"categories":[9],"tags":[],"class_list":["post-2056","post","type-post","status-publish","format-standard","has-post-thumbnail","hentry","category-instiintari-braila"],"_links":{"self":[{"href":"https:\/\/polaris.ro\/index.php\/wp-json\/wp\/v2\/posts\/2056","targetHints":{"allow":["GET"]}}],"collection":[{"href":"https:\/\/polaris.ro\/index.php\/wp-json\/wp\/v2\/posts"}],"about":[{"href":"https:\/\/polaris.ro\/index.php\/wp-json\/wp\/v2\/types\/post"}],"author":[{"embeddable":true,"href":"https:\/\/polaris.ro\/index.php\/wp-json\/wp\/v2\/users\/1"}],"replies":[{"embeddable":true,"href":"https:\/\/polaris.ro\/index.php\/wp-json\/wp\/v2\/comments?post=2056"}],"version-history":[{"count":1,"href":"https:\/\/polaris.ro\/index.php\/wp-json\/wp\/v2\/posts\/2056\/revisions"}],"predecessor-version":[{"id":2059,"href":"https:\/\/polaris.ro\/index.php\/wp-json\/wp\/v2\/posts\/2056\/revisions\/2059"}],"wp:featuredmedia":[{"embeddable":true,"href":"https:\/\/polaris.ro\/index.php\/wp-json\/wp\/v2\/media\/2058"}],"wp:attachment":[{"href":"https:\/\/polaris.ro\/index.php\/wp-json\/wp\/v2\/media?parent=2056"}],"wp:term":[{"taxonomy":"category","embeddable":true,"href":"https:\/\/polaris.ro\/index.php\/wp-json\/wp\/v2\/categories?post=2056"},{"taxonomy":"post_tag","embeddable":true,"href":"https:\/\/polaris.ro\/index.php\/wp-json\/wp\/v2\/tags?post=2056"}],"curies":[{"name":"wp","href":"https:\/\/api.w.org\/{rel}","templated":true}]}}