{"id":1934,"date":"2025-09-08T10:27:50","date_gmt":"2025-09-08T10:27:50","guid":{"rendered":"https:\/\/polaris.ro\/?p=1934"},"modified":"2025-09-08T10:39:27","modified_gmt":"2025-09-08T10:39:27","slug":"campanie-trimestriala-de-colectare-gratuita-a-deseurilor-voluminoase-textile-si-periculoase-in-municipiul-braila","status":"publish","type":"post","link":"https:\/\/polaris.ro\/index.php\/2025\/09\/08\/campanie-trimestriala-de-colectare-gratuita-a-deseurilor-voluminoase-textile-si-periculoase-in-municipiul-braila\/","title":{"rendered":"\ud83d\udce2\u267b\ufe0f Campanie trimestrial\u0103 de colectare gratuit\u0103 a de\u015feurilor voluminoase, textile \u0219i periculoase \u00een Municipiul Br\u0103ila!"},"content":{"rendered":"\n<p>\ud83d\udd39 <strong>Perioada:<\/strong> <strong>15 \u2013 27 Septembrie 2025<\/strong><br>\ud83d\udd39 <strong>Organizatori:<\/strong> <strong>POLARIS M HOLDING<\/strong>, \u00een parteneriat cu <strong>DUN\u0102REA Br\u0103ila<\/strong>, <strong>ROMGREEN<\/strong> \u0219i <strong>IVECO<\/strong><br>\ud83d\udd39 <strong>Beneficiari:<\/strong> <strong>persoane fizice<\/strong><\/p>\n\n\n\n<p>\ud83d\udc49 \u00cen aceast\u0103 perioad\u0103, cet\u0103\u021benii din Br\u0103ila pot preda GRATUIT de\u0219euri voluminoase, textile \u0219i periculoase, \u00een cadrul unei campanii dedicate protec\u021biei mediului \u0219i unui ora\u0219 mai curat.<\/p>\n\n\n\n<hr class=\"wp-block-separator has-alpha-channel-opacity\"\/>\n\n\n\n<h3 class=\"wp-block-heading\">\u2705 De\u0219euri voluminoase acceptate:<\/h3>\n\n\n\n<ul class=\"wp-block-list\">\n<li>Obiecte de mobilier (dulapuri, mese, canapele etc.)<\/li>\n\n\n\n<li>U\u0219i \u0219i t\u00e2mpl\u0103rie din lemn sau alte materiale<\/li>\n\n\n\n<li>Saltele, covoare, linoleum, mochete<\/li>\n\n\n\n<li>De\u0219euri de echipamente electrice \u0219i electronice (DEEE-uri)<\/li>\n<\/ul>\n\n\n\n<h3 class=\"wp-block-heading\">\u2705 De\u0219euri textile acceptate:<\/h3>\n\n\n\n<ul class=\"wp-block-list\">\n<li>Textile menajere (\u00eembr\u0103c\u0103minte, p\u0103turi, materiale textile uzate)<\/li>\n<\/ul>\n\n\n\n<h3 class=\"wp-block-heading\">\u2705 De\u0219euri periculoase acceptate:<\/h3>\n\n\n\n<ul class=\"wp-block-list\">\n<li>Cutii de vopsea, lacuri, diluan\u021bi, adezivi<\/li>\n\n\n\n<li>Baterii, acumulatori (f\u0103r\u0103 acumulatori auto)<\/li>\n\n\n\n<li>Ambalaje de la detergen\u021bi, cosmetice, solu\u021bii pentru gr\u0103din\u0103<\/li>\n\n\n\n<li>Spray-uri, insecticide, otrav\u0103 pentru d\u0103un\u0103tori<\/li>\n\n\n\n<li>Becurile \u0219i alte surse de iluminat<\/li>\n\n\n\n<li>Ulei alimentar uzat (\u00een recipiente PET, predate la punctele fixe)<\/li>\n<\/ul>\n\n\n\n<hr class=\"wp-block-separator has-alpha-channel-opacity\"\/>\n\n\n\n<p>\ud83d\udcc5 <strong>Program de colectare \u2013 De\u0219euri voluminoase \u0219i DEEE-uri<\/strong><br>\ud83d\udd38 <strong>15-19 Septembrie<\/strong> \u2013 Zone: Vidin, Br\u0103ili\u021ba, Comorofca (+ANL Apollo, ANL Br\u0103ili\u021ba), Islaz, Minerva, Pisc, Chercea, Catanga, Obor, Lacul Dulce<br>\ud83d\udd38 <strong>22-27 Septembrie<\/strong> \u2013 Zone: Hipodrom, Viziru I, II, III, C\u0103l\u0103ra\u0219i II \u0219i IV, Ansamblul Buz\u0103ului, Bd. Doroban\u021bilor, Bd. Alexandru Ioan Cuza, Radu Negru, Kaufland, Centrul Istoric<\/p>\n\n\n\n<p>\ud83d\udcc5 <strong>Program de colectare \u2013 De\u0219euri periculoase \u0219i textile<\/strong><br>\ud83d\udccc La punctele fixe, \u00eentre <strong>08:00 \u2013 16:00<\/strong>, conform calendarului \u0219i loca\u021biilor afi\u0219ate (Stadion Progresul, Str. Eroilor, Str. Cezar Petrescu, Complex Dinamo, \u0218coala Anton Pann, Complex Comercial Hipodrom etc.).<\/p>\n\n\n\n<hr class=\"wp-block-separator has-alpha-channel-opacity\"\/>\n\n\n\n<p>\ud83c\udf0d Polaris M Holding, \u00eempreun\u0103 cu partenerii s\u0103i, \u00eencurajeaz\u0103 to\u021bi cet\u0103\u021benii Br\u0103ilei s\u0103 participe activ la aceast\u0103 campanie. \u00cempreun\u0103, facem pa\u0219i importan\u021bi pentru un ora\u0219 mai curat, mai s\u0103n\u0103tos \u0219i mai prietenos cu mediul!<\/p>\n\n\n\n<p>\ud83d\udcde Pentru informa\u021bii suplimentare \u0219i sesiz\u0103ri: <strong>0775.389.740 \u2013 0758.024.004<\/strong><\/p>\n\n\n\n<p>#Polaris #Braila #Curatenie #ColectareDeseuri #Eco #VranceaCurata #Romgreen<\/p>\n\n\n\n<figure class=\"wp-block-image size-large\"><img fetchpriority=\"high\" decoding=\"async\" width=\"724\" height=\"1024\" src=\"https:\/\/polaris.ro\/wp-content\/uploads\/2025\/09\/Afis-Colectare-Voluminoase-Braila-Septembrie-2_page-0001-1-724x1024.jpg\" alt=\"\" class=\"wp-image-1940\" srcset=\"https:\/\/polaris.ro\/wp-content\/uploads\/2025\/09\/Afis-Colectare-Voluminoase-Braila-Septembrie-2_page-0001-1-724x1024.jpg 724w, https:\/\/polaris.ro\/wp-content\/uploads\/2025\/09\/Afis-Colectare-Voluminoase-Braila-Septembrie-2_page-0001-1-212x300.jpg 212w, https:\/\/polaris.ro\/wp-content\/uploads\/2025\/09\/Afis-Colectare-Voluminoase-Braila-Septembrie-2_page-0001-1-768x1086.jpg 768w, https:\/\/polaris.ro\/wp-content\/uploads\/2025\/09\/Afis-Colectare-Voluminoase-Braila-Septembrie-2_page-0001-1-1086x1536.jpg 1086w, https:\/\/polaris.ro\/wp-content\/uploads\/2025\/09\/Afis-Colectare-Voluminoase-Braila-Septembrie-2_page-0001-1-1448x2048.jpg 1448w, https:\/\/polaris.ro\/wp-content\/uploads\/2025\/09\/Afis-Colectare-Voluminoase-Braila-Septembrie-2_page-0001-1.jpg 1754w\" sizes=\"(max-width: 724px) 100vw, 724px\" \/><\/figure>\n","protected":false},"excerpt":{"rendered":"<p>\ud83d\udd39 Perioada: 15 \u2013 27 Septembrie 2025\ud83d\udd39 Organizatori: POLARIS M HOLDING, \u00een parteneriat cu DUN\u0102REA Br\u0103ila, ROMGREEN \u0219i IVECO\ud83d\udd39 Beneficiari: persoane fizice \ud83d\udc49 \u00cen aceast\u0103 perioad\u0103, cet\u0103\u021benii din Br\u0103ila pot preda GRATUIT de\u0219euri voluminoase, textile \u0219i periculoase, \u00een cadrul unei campanii dedicate protec\u021biei mediului \u0219i unui ora\u0219 mai curat. \u2705 De\u0219euri voluminoase acceptate: \u2705 De\u0219euri [&hellip;]<\/p>\n","protected":false},"author":1,"featured_media":1940,"comment_status":"open","ping_status":"open","sticky":false,"template":"","format":"standard","meta":{"footnotes":""},"categories":[9],"tags":[],"class_list":["post-1934","post","type-post","status-publish","format-standard","has-post-thumbnail","hentry","category-instiintari-braila"],"_links":{"self":[{"href":"https:\/\/polaris.ro\/index.php\/wp-json\/wp\/v2\/posts\/1934","targetHints":{"allow":["GET"]}}],"collection":[{"href":"https:\/\/polaris.ro\/index.php\/wp-json\/wp\/v2\/posts"}],"about":[{"href":"https:\/\/polaris.ro\/index.php\/wp-json\/wp\/v2\/types\/post"}],"author":[{"embeddable":true,"href":"https:\/\/polaris.ro\/index.php\/wp-json\/wp\/v2\/users\/1"}],"replies":[{"embeddable":true,"href":"https:\/\/polaris.ro\/index.php\/wp-json\/wp\/v2\/comments?post=1934"}],"version-history":[{"count":2,"href":"https:\/\/polaris.ro\/index.php\/wp-json\/wp\/v2\/posts\/1934\/revisions"}],"predecessor-version":[{"id":1941,"href":"https:\/\/polaris.ro\/index.php\/wp-json\/wp\/v2\/posts\/1934\/revisions\/1941"}],"wp:featuredmedia":[{"embeddable":true,"href":"https:\/\/polaris.ro\/index.php\/wp-json\/wp\/v2\/media\/1940"}],"wp:attachment":[{"href":"https:\/\/polaris.ro\/index.php\/wp-json\/wp\/v2\/media?parent=1934"}],"wp:term":[{"taxonomy":"category","embeddable":true,"href":"https:\/\/polaris.ro\/index.php\/wp-json\/wp\/v2\/categories?post=1934"},{"taxonomy":"post_tag","embeddable":true,"href":"https:\/\/polaris.ro\/index.php\/wp-json\/wp\/v2\/tags?post=1934"}],"curies":[{"name":"wp","href":"https:\/\/api.w.org\/{rel}","templated":true}]}}