{"id":1883,"date":"2025-08-11T08:16:07","date_gmt":"2025-08-11T08:16:07","guid":{"rendered":"https:\/\/polaris.ro\/?p=1883"},"modified":"2025-08-11T08:16:08","modified_gmt":"2025-08-11T08:16:08","slug":"elimina-responsabil-deseurile-voluminoase-11-08-2025-17-08-2025-2","status":"publish","type":"post","link":"https:\/\/polaris.ro\/index.php\/2025\/08\/11\/elimina-responsabil-deseurile-voluminoase-11-08-2025-17-08-2025-2\/","title":{"rendered":"Elimin\u0103 responsabil de\u0219eurile voluminoase: 11.08.2025 &#8211; 17.08.2025"},"content":{"rendered":"\n<p>\u267b\ufe0f Scap\u0103 responsabil de lucrurile vechi!<\/p>\n\n\n\n<p>\ud83d\udcc5 \u00cen perioada 11 august \u2013 17 august, containerul verde pentru de\u0219euri voluminoase este amplasat \u00een:<\/p>\n\n\n\n<p>\ud83d\udccd Str. Th Sperantia, boxa 048\/52<\/p>\n\n\n\n<p>\ud83d\udecb\ufe0f Ce po\u021bi aduce?<\/p>\n\n\n\n<p>\u2714\ufe0f Mobilier vechi (canapele, dulapuri, saltele)<\/p>\n\n\n\n<p>\u2714\ufe0f U\u0219i, calorifere, obiecte sanitare<\/p>\n\n\n\n<p>\u2714\ufe0f Mochete.<\/p>\n\n\n\n<p>\u267b\ufe0f Nu ajungi s\u0103pt\u0103m\u00e2na asta?<\/p>\n\n\n\n<p>Po\u021bi merge oric\u00e2nd la Centrul de Colectare de pe bd. Aurel Vlaicu 290A, deschis zilnic \u00eentre 07:00 \u2013 19:00.<\/p>\n\n\n\n<p>\ud83d\udcde Informa\u021bii: 0723 372 163<\/p>\n\n\n\n<p>\ud83d\udd01 Distribuie aceast\u0103 postare! Poate ajuta pe cineva din comunitatea ta.<\/p>\n\n\n\n<p>#constantacurata #deseurivoluminoase #recicleaza #polaris #colecteazaseparat<\/p>\n","protected":false},"excerpt":{"rendered":"<p>\u267b\ufe0f Scap\u0103 responsabil de lucrurile vechi! \ud83d\udcc5 \u00cen perioada 11 august \u2013 17 august, containerul verde pentru de\u0219euri voluminoase este amplasat \u00een: \ud83d\udccd Str. Th Sperantia, boxa 048\/52 \ud83d\udecb\ufe0f Ce po\u021bi aduce? \u2714\ufe0f Mobilier vechi (canapele, dulapuri, saltele) \u2714\ufe0f U\u0219i, calorifere, obiecte sanitare \u2714\ufe0f Mochete. \u267b\ufe0f Nu ajungi s\u0103pt\u0103m\u00e2na asta? Po\u021bi merge oric\u00e2nd la Centrul [&hellip;]<\/p>\n","protected":false},"author":1,"featured_media":0,"comment_status":"open","ping_status":"open","sticky":false,"template":"","format":"standard","meta":{"footnotes":""},"categories":[11],"tags":[],"class_list":["post-1883","post","type-post","status-publish","format-standard","hentry","category-instiintari-constanta"],"_links":{"self":[{"href":"https:\/\/polaris.ro\/index.php\/wp-json\/wp\/v2\/posts\/1883","targetHints":{"allow":["GET"]}}],"collection":[{"href":"https:\/\/polaris.ro\/index.php\/wp-json\/wp\/v2\/posts"}],"about":[{"href":"https:\/\/polaris.ro\/index.php\/wp-json\/wp\/v2\/types\/post"}],"author":[{"embeddable":true,"href":"https:\/\/polaris.ro\/index.php\/wp-json\/wp\/v2\/users\/1"}],"replies":[{"embeddable":true,"href":"https:\/\/polaris.ro\/index.php\/wp-json\/wp\/v2\/comments?post=1883"}],"version-history":[{"count":1,"href":"https:\/\/polaris.ro\/index.php\/wp-json\/wp\/v2\/posts\/1883\/revisions"}],"predecessor-version":[{"id":1884,"href":"https:\/\/polaris.ro\/index.php\/wp-json\/wp\/v2\/posts\/1883\/revisions\/1884"}],"wp:attachment":[{"href":"https:\/\/polaris.ro\/index.php\/wp-json\/wp\/v2\/media?parent=1883"}],"wp:term":[{"taxonomy":"category","embeddable":true,"href":"https:\/\/polaris.ro\/index.php\/wp-json\/wp\/v2\/categories?post=1883"},{"taxonomy":"post_tag","embeddable":true,"href":"https:\/\/polaris.ro\/index.php\/wp-json\/wp\/v2\/tags?post=1883"}],"curies":[{"name":"wp","href":"https:\/\/api.w.org\/{rel}","templated":true}]}}