{"id":1880,"date":"2025-08-11T08:14:12","date_gmt":"2025-08-11T08:14:12","guid":{"rendered":"https:\/\/polaris.ro\/?p=1880"},"modified":"2025-08-11T08:14:13","modified_gmt":"2025-08-11T08:14:13","slug":"elimina-responsabil-deseurile-voluminoase-11-08-2025-17-08-2025","status":"publish","type":"post","link":"https:\/\/polaris.ro\/index.php\/2025\/08\/11\/elimina-responsabil-deseurile-voluminoase-11-08-2025-17-08-2025\/","title":{"rendered":"Elimin\u0103 responsabil de\u0219eurile voluminoase: 11.08.2025 &#8211; 17.08.2025"},"content":{"rendered":"\n<p><img decoding=\"async\" height=\"16\" width=\"16\" alt=\"\u267b\ufe0f\" src=\"https:\/\/static.xx.fbcdn.net\/images\/emoji.php\/v9\/tf8\/1\/16\/267b.png\"> Scap\u0103 responsabil de lucrurile vechi!<\/p>\n\n\n\n<p><img decoding=\"async\" height=\"16\" width=\"16\" alt=\"\ud83d\udcc5\" src=\"https:\/\/static.xx.fbcdn.net\/images\/emoji.php\/v9\/t7e\/1\/16\/1f4c5.png\"> \u00cen perioada 11 august \u2013 17 august, containerul verde pentru de\u0219euri voluminoase este amplasat \u00een:<\/p>\n\n\n\n<p><img decoding=\"async\" height=\"16\" width=\"16\" alt=\"\ud83d\udccd\" src=\"https:\/\/static.xx.fbcdn.net\/images\/emoji.php\/v9\/t2d\/1\/16\/1f4cd.png\"> S<a><\/a>tr. Fantanele, col\u021b cu Str. Comarnic<\/p>\n\n\n\n<p><img loading=\"lazy\" decoding=\"async\" height=\"16\" width=\"16\" alt=\"\ud83d\udecb\ufe0f\" src=\"https:\/\/static.xx.fbcdn.net\/images\/emoji.php\/v9\/tad\/1\/16\/1f6cb.png\"> Ce po\u021bi aduce?<\/p>\n\n\n\n<p><img loading=\"lazy\" decoding=\"async\" height=\"16\" width=\"16\" alt=\"\u2714\ufe0f\" src=\"https:\/\/static.xx.fbcdn.net\/images\/emoji.php\/v9\/t51\/1\/16\/2714.png\"> Mobilier vechi (canapele, dulapuri, saltele)<\/p>\n\n\n\n<p><img loading=\"lazy\" decoding=\"async\" height=\"16\" width=\"16\" alt=\"\u2714\ufe0f\" src=\"https:\/\/static.xx.fbcdn.net\/images\/emoji.php\/v9\/t51\/1\/16\/2714.png\"> U\u0219i, calorifere, obiecte sanitare<\/p>\n\n\n\n<p><img loading=\"lazy\" decoding=\"async\" height=\"16\" width=\"16\" alt=\"\u2714\ufe0f\" src=\"https:\/\/static.xx.fbcdn.net\/images\/emoji.php\/v9\/t51\/1\/16\/2714.png\"> Mochete.<\/p>\n\n\n\n<p><img decoding=\"async\" height=\"16\" width=\"16\" alt=\"\u267b\ufe0f\" src=\"https:\/\/static.xx.fbcdn.net\/images\/emoji.php\/v9\/tf8\/1\/16\/267b.png\"> Nu ajungi s\u0103pt\u0103m\u00e2na asta?<\/p>\n\n\n\n<p>Po\u021bi merge oric\u00e2nd la Centrul de Colectare de pe bd. Aurel Vlaicu 290A, deschis zilnic \u00eentre 07:00 \u2013 19:00.<\/p>\n\n\n\n<p><img loading=\"lazy\" decoding=\"async\" height=\"16\" width=\"16\" alt=\"\ud83d\udcde\" src=\"https:\/\/static.xx.fbcdn.net\/images\/emoji.php\/v9\/t4d\/1\/16\/1f4de.png\"> Informa\u021bii: 0723 372 163<\/p>\n\n\n\n<p><img loading=\"lazy\" decoding=\"async\" height=\"16\" width=\"16\" alt=\"\ud83d\udd01\" src=\"https:\/\/static.xx.fbcdn.net\/images\/emoji.php\/v9\/te\/1\/16\/1f501.png\"> Distribuie aceast\u0103 postare! Poate ajuta pe cineva din comunitatea ta.<\/p>\n\n\n\n<p><a href=\"https:\/\/www.facebook.com\/hashtag\/constantacurata?__eep__=6&amp;__cft__[0]=AZXiWJ2D7FoNiQBOBszxEAs_-hW6caH78pPaG8AUBnmB4q9JzJp-M7BZLk9loITggGyKYaaWOM3vkvb1RqcluJ_aQ44YqfwOcu6tc8r-7ASsXbIc9jGmCLSQyGW5lE9QdFqkOXvRb3aCykUXvZHqmkjnnBzzj095DN-axZ2WPxCzz4vzdWPRtdBzHfSiyOx3M90&amp;__tn__=*NK-R\">#constantacurata<\/a><a href=\"https:\/\/www.facebook.com\/hashtag\/deseurivoluminoase?__eep__=6&amp;__cft__[0]=AZXiWJ2D7FoNiQBOBszxEAs_-hW6caH78pPaG8AUBnmB4q9JzJp-M7BZLk9loITggGyKYaaWOM3vkvb1RqcluJ_aQ44YqfwOcu6tc8r-7ASsXbIc9jGmCLSQyGW5lE9QdFqkOXvRb3aCykUXvZHqmkjnnBzzj095DN-axZ2WPxCzz4vzdWPRtdBzHfSiyOx3M90&amp;__tn__=*NK-R\">#deseurivoluminoase<\/a><a href=\"https:\/\/www.facebook.com\/hashtag\/recicleaza?__eep__=6&amp;__cft__[0]=AZXiWJ2D7FoNiQBOBszxEAs_-hW6caH78pPaG8AUBnmB4q9JzJp-M7BZLk9loITggGyKYaaWOM3vkvb1RqcluJ_aQ44YqfwOcu6tc8r-7ASsXbIc9jGmCLSQyGW5lE9QdFqkOXvRb3aCykUXvZHqmkjnnBzzj095DN-axZ2WPxCzz4vzdWPRtdBzHfSiyOx3M90&amp;__tn__=*NK-R\">#recicleaza<\/a><a href=\"https:\/\/www.facebook.com\/hashtag\/polaris?__eep__=6&amp;__cft__[0]=AZXiWJ2D7FoNiQBOBszxEAs_-hW6caH78pPaG8AUBnmB4q9JzJp-M7BZLk9loITggGyKYaaWOM3vkvb1RqcluJ_aQ44YqfwOcu6tc8r-7ASsXbIc9jGmCLSQyGW5lE9QdFqkOXvRb3aCykUXvZHqmkjnnBzzj095DN-axZ2WPxCzz4vzdWPRtdBzHfSiyOx3M90&amp;__tn__=*NK-R\">#polaris<\/a><a href=\"https:\/\/www.facebook.com\/hashtag\/colecteazaseparat?__eep__=6&amp;__cft__[0]=AZXiWJ2D7FoNiQBOBszxEAs_-hW6caH78pPaG8AUBnmB4q9JzJp-M7BZLk9loITggGyKYaaWOM3vkvb1RqcluJ_aQ44YqfwOcu6tc8r-7ASsXbIc9jGmCLSQyGW5lE9QdFqkOXvRb3aCykUXvZHqmkjnnBzzj095DN-axZ2WPxCzz4vzdWPRtdBzHfSiyOx3M90&amp;__tn__=*NK-R\">#colecteazaseparat<\/a><\/p>\n\n\n\n<p><\/p>\n","protected":false},"excerpt":{"rendered":"<p>Scap\u0103 responsabil de lucrurile vechi! \u00cen perioada 11 august \u2013 17 august, containerul verde pentru de\u0219euri voluminoase este amplasat \u00een: Str. Fantanele, col\u021b cu Str. Comarnic Ce po\u021bi aduce? Mobilier vechi (canapele, dulapuri, saltele) U\u0219i, calorifere, obiecte sanitare Mochete. Nu ajungi s\u0103pt\u0103m\u00e2na asta? Po\u021bi merge oric\u00e2nd la Centrul de Colectare de pe bd. Aurel Vlaicu [&hellip;]<\/p>\n","protected":false},"author":1,"featured_media":1881,"comment_status":"open","ping_status":"open","sticky":false,"template":"","format":"standard","meta":{"footnotes":""},"categories":[11],"tags":[],"class_list":["post-1880","post","type-post","status-publish","format-standard","has-post-thumbnail","hentry","category-instiintari-constanta"],"_links":{"self":[{"href":"https:\/\/polaris.ro\/index.php\/wp-json\/wp\/v2\/posts\/1880","targetHints":{"allow":["GET"]}}],"collection":[{"href":"https:\/\/polaris.ro\/index.php\/wp-json\/wp\/v2\/posts"}],"about":[{"href":"https:\/\/polaris.ro\/index.php\/wp-json\/wp\/v2\/types\/post"}],"author":[{"embeddable":true,"href":"https:\/\/polaris.ro\/index.php\/wp-json\/wp\/v2\/users\/1"}],"replies":[{"embeddable":true,"href":"https:\/\/polaris.ro\/index.php\/wp-json\/wp\/v2\/comments?post=1880"}],"version-history":[{"count":1,"href":"https:\/\/polaris.ro\/index.php\/wp-json\/wp\/v2\/posts\/1880\/revisions"}],"predecessor-version":[{"id":1882,"href":"https:\/\/polaris.ro\/index.php\/wp-json\/wp\/v2\/posts\/1880\/revisions\/1882"}],"wp:featuredmedia":[{"embeddable":true,"href":"https:\/\/polaris.ro\/index.php\/wp-json\/wp\/v2\/media\/1881"}],"wp:attachment":[{"href":"https:\/\/polaris.ro\/index.php\/wp-json\/wp\/v2\/media?parent=1880"}],"wp:term":[{"taxonomy":"category","embeddable":true,"href":"https:\/\/polaris.ro\/index.php\/wp-json\/wp\/v2\/categories?post=1880"},{"taxonomy":"post_tag","embeddable":true,"href":"https:\/\/polaris.ro\/index.php\/wp-json\/wp\/v2\/tags?post=1880"}],"curies":[{"name":"wp","href":"https:\/\/api.w.org\/{rel}","templated":true}]}}